{"id":12381,"date":"2019-02-13T23:20:13","date_gmt":"2019-02-14T05:20:13","guid":{"rendered":"https:\/\/gsb.lat\/marcos-pueyrredon-instituto-de-comercio-electronico-o-comercio-electronico-como-o-conhecemos-ira-desaparecer-para-se-fundir-com-o-comercio\/"},"modified":"2019-02-13T23:20:13","modified_gmt":"2019-02-14T05:20:13","slug":"marcos-pueyrredon-instituto-de-comercio-electronico-o-comercio-electronico-como-o-conhecemos-ira-desaparecer-para-se-fundir-com-o-comercio","status":"publish","type":"post","link":"https:\/\/gsb.lat\/pt\/marcos-pueyrredon-instituto-de-comercio-electronico-o-comercio-electronico-como-o-conhecemos-ira-desaparecer-para-se-fundir-com-o-comercio\/","title":{"rendered":"Marcos Pueyrredon (Instituto de Com\u00e9rcio Electr\u00f3nico): &#8220;O com\u00e9rcio electr\u00f3nico como o conhecemos ir\u00e1 desaparecer para se fundir com o com\u00e9rcio&#8221;."},"content":{"rendered":"<p><span><img fetchpriority=\"high\" decoding=\"async\" src=\"http:\/\/gsb.lat\/mx\/blog\/wp-content\/uploads\/2019\/02\/Marcos-Pueyrredon-compressor-300x180.jpg\" alt=\"\" width=\"300\" height=\"180\" class=\"alignleft size-medium wp-image-194\">Em 7 de Mar\u00e7o, a sexta edi\u00e7\u00e3o do  <\/span><a href=\"https:\/\/marketing4ecommerce.mx\/eretail-day-mexico-2019-tendencias-negocios-internet\/\">eRetail Day M\u00e9xico 2019<\/a><span>No \u00e2mbito de um dos melhores eventos de forma\u00e7\u00e3o empresarial na Internet na Am\u00e9rica Latina, fal\u00e1mos com  <\/span><strong>Marcos Pueyrredon<\/strong><span>Presidente do Instituto Latino-Americano de Com\u00e9rcio Electr\u00f3nico Instituto de Com\u00e9rcio Electr\u00f3nico &amp; VP Global Mercados Hisp\u00e2nicos VTEX que falar\u00e1 sobre o evento, a sua import\u00e2ncia e a sua vis\u00e3o para o com\u00e9rcio electr\u00f3nico no M\u00e9xico.<\/span><\/p>\n<h2><strong>Entrevista com Marcos Pueyrredon<\/strong><\/h2>\n<h3><strong>Fale-nos sobre o Instituto do Com\u00e9rcio Electr\u00f3nico. Quais s\u00e3o os seus principais objectivos?<\/strong><\/h3>\n<p>O<span> <\/span><strong>Instituto do Com\u00e9rcio Electr\u00f3nico<\/strong><span> <\/span>\u00e9 uma organiza\u00e7\u00e3o regional sem fins lucrativos de segundo n\u00edvel que re\u00fane as principais c\u00e2maras empresariais ou associa\u00e7\u00f5es comerciais de mais de 20 pa\u00edses da regi\u00e3o, que desenvolve e apoia a<span> <\/span><a href=\"https:\/\/marketing4ecommerce.mx\/2022-se-digitalizara-50-del-pib-en-latam\/\">Economia Digital<\/a><span> <\/span>nos diferentes pa\u00edses da Am\u00e9rica Latina, com o objectivo de promover iniciativas que consolidem e impulsionem o mundo dos neg\u00f3cios na Internet.<\/p>\n<p>Um dos principais objectivos<span> <\/span><strong>\u00e9 tecer uma rede aberta de entidades e institui\u00e7\u00f5es a n\u00edvel regional que ir\u00e1 refor\u00e7ar as iniciativas<\/strong><span> <\/span>de cada um dos seus membros e do todo<em>.<\/em><\/p>\n<p>O nosso foco est\u00e1 nas empresas com o objectivo de<span> <\/span><strong>melhorar e acelerar o desenvolvimento de ofertas de produtos e servi\u00e7os atrav\u00e9s de canais digitais<\/strong><span> <\/span>que cumprem as boas pr\u00e1ticas e geram uma experi\u00eancia de compra positiva para os consumidores finais.<\/p>\n<p>Com a vis\u00e3o e a vis\u00e3o de levar a Am\u00e9rica Latina para o mundo atrav\u00e9s do com\u00e9rcio electr\u00f3nico, o<span> <\/span><strong>Instituto do Com\u00e9rcio Electr\u00f3nico<\/strong><span> <\/span>tem vindo a desenvolver-se h\u00e1 mais de 10 anos, de uma forma constante e consistente, um<span> <\/span><a href=\"http:\/\/ecommerce.institute\/plan-de-accion-2019\/\" target=\"_blank\" rel=\"nofollow noopener noreferrer\"><strong>Plano de Ac\u00e7\u00e3o Regional<\/strong><\/a><span> <\/span>sob as directrizes de uma matriz de desenvolvimento estrat\u00e9gico.<\/p>\n<p>Entre as suas principais iniciativas est\u00e3o o desenvolvimento de<span> <\/span><strong>estudos regionais do sector<\/strong>, numerosas ac\u00e7\u00f5es para desenvolver\/promotivar\/acelerar a forma\u00e7\u00e3o e profissionaliza\u00e7\u00e3o do capital humano na ind\u00fastria, ac\u00e7\u00f5es para partilhar conhecimentos, hist\u00f3rias de sucesso e melhores pr\u00e1ticas, desenvolve o<span> <\/span><a href=\"http:\/\/ecommerce.institute\/e-commerce-day\/\" target=\"_blank\" rel=\"nofollow noopener noreferrer\"><br \/>\n  <strong>Excurs\u00e3o de Dia do Com\u00e9rcio Electr\u00f3nico<span> <\/span><\/strong><br \/>\n<\/a>desde 2007 com presen\u00e7a ininterrupta em 18 pa\u00edses das Am\u00e9ricas, celebrando a sua 100\u00aa edi\u00e7\u00e3o em 2019 e participa\u00e7\u00e3o activa como membro permanente em organiza\u00e7\u00f5es internacionais e multilaterais a n\u00edvel global que trabalham na \u00e1rea do com\u00e9rcio electr\u00f3nico.<span> <\/span><strong>promo\u00e7\u00e3o e desenvolvimento do com\u00e9rcio electr\u00f3nico e do com\u00e9rcio electr\u00f3nico <\/strong>entre outras iniciativas importantes.<\/p>\n<h3><strong>Estamos prestes a experimentar uma nova edi\u00e7\u00e3o do eRetail Day no M\u00e9xico. O que nos pode dizer sobre este evento?<\/strong><\/h3>\n<p>O M\u00e9xico ser\u00e1 o primeiro destino do ano,<span> <\/span><a href=\"http:\/\/www.ecommerceday.org\/\" target=\"_blank\" rel=\"nofollow noopener noreferrer\"><strong>a digress\u00e3o do Dia do Com\u00e9rcio Electr\u00f3nico de 2019<\/strong><\/a><span> <\/span>alcan\u00e7ar\u00e1<span> <\/span><strong>17 pa\u00edses nas Am\u00e9ricas<\/strong><span> <\/span>Este ano: Argentina, Brasil, Bol\u00edvia, Chile, Col\u00f4mbia, Costa Rica, Rep\u00fablica Dominicana, Equador, El Salvador, Guatemala, Honduras, M\u00e9xico, Panam\u00e1, Paraguai, Peru, Estados Unidos, e Uruguai.<\/p>\n<p>O<span> <\/span><a href=\"https:\/\/www.eretailday.org\/2019\/mx\/\" target=\"_blank\" rel=\"nofollow noopener noreferrer\"><strong>eRetail Day M\u00e9xico 2019<\/strong><\/a><span> <\/span>ter\u00e1 lugar na pr\u00f3xima quinta-feira<span> <\/span><strong>7 de Mar\u00e7o<\/strong><span> <\/span>no<span> <\/span><strong>Sheraton Maria Isabel Hotel &amp; Towers<\/strong>. O evento contar\u00e1 com a participa\u00e7\u00e3o de profissionais, executivos e l\u00edderes das maiores empresas do sector retalhista, que dar\u00e3o palestras e confer\u00eancias, e os participantes poder\u00e3o participar em workshops que lhes permitir\u00e3o adquirir conhecimentos sobre as tend\u00eancias actuais do sector.<\/p>\n<p>Ao longo do dia, o<span> <\/span><strong>Dia do eRetail<\/strong><span> <\/span>ir\u00e1 oferecer uma s\u00e9rie de actividades, para as quais o p\u00fablico pode pr\u00e9-inscrever-se, formar e aprender de acordo com os seus interesses espec\u00edficos: Doctor Web Cycle, Omnicommerce Experience, Crossborder Workshop,<span> <\/span><a href=\"https:\/\/marketing4ecommerce.mx\/email-marketing-en-el-2020\/\">Email Marketing<\/a><span> <\/span>Workshop, Workshop de Vit\u00f3rias R\u00e1pidas, Experi\u00eancia de Omnicommerce.<\/p>\n<p>Em simult\u00e2neo com a agenda da tarde do Dia do eRetail, haver\u00e1 o<span> <\/span><a href=\"http:\/\/www.eretailday.org\/2018\/efashion-summit\/\" target=\"_blank\" rel=\"nofollow noopener noreferrer\"><br \/>\n  <strong><br \/>\n    <em>Cimeira eFashion do M\u00e9xico<\/em><br \/>\n  <\/strong><br \/>\n<\/a>. A 3\u00aa edi\u00e7\u00e3o deste evento ir\u00e1 encontrar uma agenda especial para o sector da beleza, moda e vestu\u00e1rio online. Al\u00e9m disso, os empres\u00e1rios e empres\u00e1rios podem ser homenageados pela sua contribui\u00e7\u00e3o para o mercado.<span> <\/span><strong>O Pr\u00e9mio eCommerce M\u00e9xico 2019 e o Concurso de Inicia\u00e7\u00e3o ao Com\u00e9rcio Electr\u00f3nico ser\u00e3o realizados.<\/strong><\/p>\n<h3><strong>Quais s\u00e3o as novidades que podem ser encontradas no eRetail Day deste ano?<\/strong><\/h3>\n<p>Para al\u00e9m do conte\u00fado acima mencionado, podemos mencionar que, pela primeira vez no M\u00e9xico, teremos a edi\u00e7\u00e3o do<span> <\/span><a href=\"http:\/\/ecommerce.institute\/postulacion-ecommerce-kids\/\" target=\"_blank\" rel=\"nofollow noopener noreferrer\"><br \/>\n  <strong>Concurso Regional de Com\u00e9rcio Electr\u00f3nico KIDS<\/strong><br \/>\n<\/a><strong>,<\/strong><span> <\/span>que tem como objectivo<strong><span> <\/span>valorizar a criatividade das novas gera\u00e7\u00f5es<\/strong>.<span> <\/span>grava\u00e7\u00e3o atrav\u00e9s de v\u00eddeos inovadores da experi\u00eancia de uma compra online com os &#8220;olhos&#8221; das crian\u00e7as como protagonistas, e a participa\u00e7\u00e3o dos seus tutores em pap\u00e9is secund\u00e1rios destacando a mensagem de uma perspectiva diferente sobre a ind\u00fastria do com\u00e9rcio digital.<\/p>\n<h3><strong>Qual tem sido o progresso do com\u00e9rcio electr\u00f3nico na regi\u00e3o e a n\u00edvel global?<\/strong><\/h3>\n<p>2018 tem sido um ano muito positivo a n\u00edvel mundial. Foi atingido um elevado grau de penetra\u00e7\u00e3o, o que indica que j\u00e1 estamos a entrar no<span> <\/span><strong>uma curva de maturidade<\/strong><span> <\/span>o que trar\u00e1 realmente um crescimento muito r\u00e1pido nos pr\u00f3ximos tr\u00eas a cinco anos, principalmente na Am\u00e9rica Latina.<\/p>\n<h3><strong>Da sua perspectiva, qual tem sido o progresso do com\u00e9rcio electr\u00f3nico no M\u00e9xico e como est\u00e1 actualmente a correr?<\/strong><\/h3>\n<p>O M\u00e9xico \u00e9 uma das &#8220;turbinas do crescimento do com\u00e9rcio electr\u00f3nico na Am\u00e9rica Latina&#8221;: se analisarmos como o com\u00e9rcio electr\u00f3nico cresceu no M\u00e9xico, Argentina e Brasil, vemos que<span> <\/span><strong>est\u00e1 a seguir os mesmos passos que a China<\/strong>, e isto levar\u00e1 a uma acelera\u00e7\u00e3o significativa se o lado da oferta se adaptar rapidamente e aproveitar as suas capacidades omni-canais centradas no cliente e aproveitar as lojas f\u00edsicas como uma vantagem comparativa e competitiva.<\/p>\n<p>Por outro lado, as compras online no M\u00e9xico est\u00e3o a consolidar-se juntamente com a procura, de acordo com o estudo sobre vendas online no M\u00e9xico,<span> <\/span><a href=\"https:\/\/marketing4ecommerce.mx\/consumidores-online-mexicanos-adquiere-semanal\/\">recentemente apresentado pela AMVO<\/a>, onde se revela, entre outras tend\u00eancias, que em 2018<span> <\/span><strong>as visitas mensais m\u00e9dias a sites de com\u00e9rcio electr\u00f3nico aumentaram 30% e que o comprador em linha est\u00e1 a aumentar a frequ\u00eancia com que compra produtos atrav\u00e9s da Internet<\/strong>.<\/p>\n<h3><strong>Qual \u00e9 a import\u00e2ncia da participa\u00e7\u00e3o no eRetail Day para as empresas no M\u00e9xico?<\/strong><\/h3>\n<p>Encontro com outros agentes da ind\u00fastria, o interc\u00e2mbio de ideias e conhecimentos \u00e9 importante para<span> <\/span><strong>gerar sinergias para o crescimento da ind\u00fastria<\/strong>. \u00c9 importante que os profissionais participem, a fim de continuarem a sua forma\u00e7\u00e3o para que possam trabalhar na profissionaliza\u00e7\u00e3o da oferta, para que a experi\u00eancia de compra do consumidor mexicano seja positiva, e para que retornem e aumentem a &#8220;convers\u00e3o ou recompra&#8221;.<\/p>\n<p>Trabalhar para e pela ind\u00fastria faz parte dos objectivos deste evento onde convidamos profissionais a participar, a fim de aprender com as melhores pr\u00e1ticas e liderar as empresas para as quais trabalham ou para as quais conseguem alcan\u00e7ar com sucesso estrat\u00e9gias de canal digital.<\/p>\n<h3><strong>Como pensa que o mundo digital e especificamente o com\u00e9rcio electr\u00f3nico no M\u00e9xico ir\u00e3o evoluir?<\/strong><\/h3>\n<p>Sem d\u00favida, o<span> <\/span><a href=\"https:\/\/marketing4ecommerce.mx\/mexico-podria-superar-a-brasil-en-ecommerce\/\">ecommerce<\/a><span> <\/span>continuar\u00e1 a evoluir muito mais rapidamente do que nos \u00faltimos anos. A massifica\u00e7\u00e3o da liga\u00e7\u00e3o 5G (100 vezes mais r\u00e1pida do que 4G) ir\u00e1 impulsionar a utiliza\u00e7\u00e3o do reconhecimento de voz, Internet das coisas e intelig\u00eancia artificial de uma forma muito mais intuitiva e simples, de modo a<span> <\/span><strong>ir\u00e1 encurralar o mercado de tal forma que ir\u00e1 substituir os smartphones como<\/strong>dispositivo secund\u00e1rio com o qual teremos acesso a todos os servi\u00e7os e produtos que ser\u00e3o oferecidos atrav\u00e9s da Internet da mesma forma que os smartphones substitu\u00edram hoje os ecr\u00e3s dos PC\/port\u00e1teis.<\/p>\n<p>Esta evolu\u00e7\u00e3o ser\u00e1 t\u00e3o profunda que podemos prever que num futuro muito pr\u00f3ximo, dependendo do pa\u00eds e da sua maturidade, n\u00e3o mais do que 5 a 7 anos,<span> <\/span><strong>O com\u00e9rcio electr\u00f3nico, tal como o conhecemos, ir\u00e1 desaparecer para se fundir com o com\u00e9rcio.<\/strong><span> <\/span>e falaremos apenas de pontos de contacto e canais de venda, com enfoque no consumidor.<\/p>\n<h2><strong>Marcos Pueyrredon<\/strong><strong>: question\u00e1rio r\u00e1pido<\/strong><\/h2>\n<h4><strong>Qual \u00e9 a primeira rede social que abre durante o dia?<\/strong><\/h4>\n<p>Whatsapp<\/p>\n<p>Facebook<\/p>\n<p>Linkedin<\/p>\n<p>Youtube<\/p>\n<p>Folga<\/p>\n<h4><strong>iOS ou Android?<\/strong><\/h4>\n<p>iOS<\/p>\n<p><strong>App ou web?<\/strong><\/p>\n<p>Web na sua evolu\u00e7\u00e3o REACT<\/p>\n<h4><strong>Em que eCommerce e h\u00e1 quanto tempo fez a sua \u00faltima compra online? E o que foi?<\/strong><\/h4>\n<p>O eCommerce em quase tudo onde o canal me acrescenta valor, d\u00e1-me conforto\/conveni\u00eancia e permite-me passar mais do meu tempo. Quase diria que \u00e9 imposs\u00edvel dizer qual \u00e9 a minha \u00faltima compra porque com as aplica\u00e7\u00f5es que tenho instaladas, subscri\u00e7\u00f5es ou a utiliza\u00e7\u00e3o de<span> <\/span><a href=\"http:\/\/marketing4ecommerce.mx\/app-uber-opiniones-y-comentarios\/\">A UBER\/Cabify<\/a> \u00e9 uma actividade di\u00e1ria.<\/p>\n<p>Mas se a quest\u00e3o \u00e9 quando foi a \u00faltima vez que fiz compras no com\u00e9rcio electr\u00f3nico tradicional e acrescentei a um carrinho de compras, seria ontem \u00e0 noite, quando fiz v\u00e1rias compras. O mais bonito a mencionar foi o livro em formato tradicional de capa dura<span> <\/span><a href=\"https:\/\/amzn.to\/2I9n9j1\" target=\"_blank\" rel=\"nofollow noopener noreferrer\"><br \/>\n  <strong>LIDERAN\u00c7A TRIBAL<\/strong><br \/>\n<\/a>(Altamente recomendado), para a biblioteca do escrit\u00f3rio em duplicado, pois obtive a op\u00e7\u00e3o de comprar a nova edi\u00e7\u00e3o e uma usada a um pre\u00e7o muito bom.<\/p>\n<h4><strong>\u00daltimo livro lido? (os livros electr\u00f3nicos s\u00e3o v\u00e1lidos)<\/strong><\/h4>\n<p>Audiolivro: <a href=\"https:\/\/amzn.to\/2IaLYeh\" target=\"_blank\" rel=\"nofollow noopener noreferrer\"><br \/>\n  <strong>Os Inovadores: Os Genios Que Inventam o Futuro<\/strong><br \/>\n<\/a><span> <\/span>por Walter Isaacson, o mesmo autor da biografia oficial de Steve Jobs (altamente recomendado).<\/p>\n<p>Livro em formato papel:<span> <\/span><strong><br \/>\n  <a href=\"https:\/\/amzn.to\/2N0MF8D\" target=\"_blank\" rel=\"nofollow noopener noreferrer\">Bom para Grande<\/a><br \/>\n  <span> <\/span><br \/>\n<\/strong>por Jim Collins (Uma leitura obrigat\u00f3ria, de leitura obrigat\u00f3ria, para compreender a cultura de empresas inovadoras de sucesso sustent\u00e1vel).<\/p>\n<h4><strong>Recomendar uma s\u00e9rie de fic\u00e7\u00e3o<\/strong><\/h4>\n<p><strong>Bom lugar<\/strong><span> <\/span>em<span> <\/span><a href=\"https:\/\/marketing4ecommerce.mx\/series-netflix-en-instagram-stories-mas-social\/\">Netflix<\/a><span> <\/span>\u00e9 muito divertido, com mensagens profundas e onde tamb\u00e9m se pode aprender filosofia sem se aperceber, com cap\u00edtulos curtos e tr\u00eas esta\u00e7\u00f5es que lhe d\u00e3o tempo suficiente para mais um casal.<\/p>\n<h4><strong>Que s\u00edtio web encontrou recentemente que o tenha surpreendido para melhor?<\/strong><\/h4>\n<p>O<span> <\/span><strong>A loja on-line do Jumbo na Col\u00f4mbia<\/strong>, onde se pode viver uma experi\u00eancia de compras alimentares (supermercados) e n\u00e3o alimentares (por exemplo, produtos tecnol\u00f3gicos), com uma vis\u00e3o omnichannel muito bem conseguida, simples e din\u00e2mica.<\/p>\n<h4><strong>Qual \u00e9 a sua coisa favorita que n\u00e3o tem nada a ver com o digital?<\/strong><\/h4>\n<p>A \u00f3pera, com um desafio de Ver\u00e3o de 2019 que inclui 8 \u00f3peras em 21 dias enquanto fa\u00e7o um curso executivo em Nova Iorque, mas tem a sua liga\u00e7\u00e3o online atrav\u00e9s de<span> <\/span><a href=\"http:\/\/www.onlineoperaclub.com\/\" target=\"_blank\" rel=\"nofollow noopener noreferrer\">o seu website<\/a>, onde eu e a minha mulher e filha partilhamos a nossa paix\u00e3o pela \u00f3pera com outros &#8220;amantes da m\u00fasica&#8221;.<\/p>\n<h4><strong>Fa\u00e7amos uma cadeia m\u00e1gica: Que conhecido seu (de outra empresa) acha que devemos entrevistar? Porqu\u00ea?  <\/strong><\/h4>\n<p><span>Os meus parceiros e amigos,  <\/span><strong>Mariano Faria e Geraldo Tomaz<\/strong><span>porque eles s\u00e3o a &#8220;vers\u00e3o tropical de Jobs e Wozniak&#8221;, que juntamente com  <\/span><strong>Marcos Galperin, Wenceslao Casares, Alex Oxenford<\/strong><span>  para mencionar apenas um p\u00f3dio de tr\u00eas argentinos, marcaram um curso muito profundo na nossa ind\u00fastria que nos permitiu falar hoje de COM\u00c9RCIO em letras mai\u00fasculas na Am\u00e9rica Latina.<\/span><\/p>\n<p style=\"text-align: right;\"><a href=\"https:\/\/marketing4ecommerce.mx\/marcos-pueyrredon-ecommerce-institute-ecommerce-desaparecera-fusionarse-comercio\/?utm_source=news&amp;utm_medium=mail&amp;utm_campaign=newsm4c\" target=\"_blank\" rel=\"noopener noreferrer\">Obtido em: https:\/\/marketing4ecommerce.mx<\/a><\/p>\n","protected":false},"excerpt":{"rendered":"<p>Em 7 de Mar\u00e7o, a sexta edi\u00e7\u00e3o do eRetail Day M\u00e9xico 2019No \u00e2mbito de um dos melhores eventos de forma\u00e7\u00e3o empresarial na Internet na Am\u00e9rica Latina, fal\u00e1mos com Marcos PueyrredonPresidente do Instituto Latino-Americano de Com\u00e9rcio Electr\u00f3nico Instituto de Com\u00e9rcio Electr\u00f3nico &amp; VP Global Mercados Hisp\u00e2nicos VTEX que falar\u00e1 sobre o evento, a sua import\u00e2ncia e&hellip;<\/p>\n","protected":false},"author":3,"featured_media":0,"comment_status":"closed","ping_status":"open","sticky":false,"template":"","format":"standard","meta":{"footnotes":""},"categories":[546,553,554],"tags":[],"class_list":["post-12381","post","type-post","status-publish","format-standard","hentry","category-artigos","category-tecnologia-pt","category-tendencias-pt","category-546","category-553","category-554","description-off"],"_links":{"self":[{"href":"https:\/\/gsb.lat\/pt\/wp-json\/wp\/v2\/posts\/12381","targetHints":{"allow":["GET"]}}],"collection":[{"href":"https:\/\/gsb.lat\/pt\/wp-json\/wp\/v2\/posts"}],"about":[{"href":"https:\/\/gsb.lat\/pt\/wp-json\/wp\/v2\/types\/post"}],"author":[{"embeddable":true,"href":"https:\/\/gsb.lat\/pt\/wp-json\/wp\/v2\/users\/3"}],"replies":[{"embeddable":true,"href":"https:\/\/gsb.lat\/pt\/wp-json\/wp\/v2\/comments?post=12381"}],"version-history":[{"count":0,"href":"https:\/\/gsb.lat\/pt\/wp-json\/wp\/v2\/posts\/12381\/revisions"}],"wp:attachment":[{"href":"https:\/\/gsb.lat\/pt\/wp-json\/wp\/v2\/media?parent=12381"}],"wp:term":[{"taxonomy":"category","embeddable":true,"href":"https:\/\/gsb.lat\/pt\/wp-json\/wp\/v2\/categories?post=12381"},{"taxonomy":"post_tag","embeddable":true,"href":"https:\/\/gsb.lat\/pt\/wp-json\/wp\/v2\/tags?post=12381"}],"curies":[{"name":"wp","href":"https:\/\/api.w.org\/{rel}","templated":true}]}}